{"id":503,"date":"2023-08-15T12:55:19","date_gmt":"2023-08-15T10:55:19","guid":{"rendered":"http:\/\/www.sylvain-beaulieu.com\/blog\/?p=503"},"modified":"2023-08-15T12:55:20","modified_gmt":"2023-08-15T10:55:20","slug":"equitation-de-tradition-francaise-ou-la-difficile-facilite","status":"publish","type":"post","link":"https:\/\/www.sylvain-beaulieu.com\/blog\/equitation-de-tradition-francaise-ou-la-difficile-facilite\/","title":{"rendered":"\u00c9quitation de tradition Fran\u00e7aise &#8230;.. ou la difficile facilit\u00e9 !"},"content":{"rendered":"<h1>Id\u00e9al ?<\/h1>\n<p>Ah! Cette \u00ab\u00a0difficile facilit\u00e9\u00a0\u00bb&#8230;<br \/>Je retiens de cette expression le plus haut degr\u00e9 de \u00ab\u00a0sophistication\u00a0\u00bb que les chevaux de ces quelques aquarelles du colonel MARGOT imagent si bien !<\/p>\n\n<div class=\"ngg-galleryoverview ngg-slideshow\"\n\tid=\"ngg-slideshow-f21e72a0ab0b62e3d067a43da05d145b-16118589590\"\n\tdata-gallery-id=\"f21e72a0ab0b62e3d067a43da05d145b\"\n\tstyle=\"max-width: 600px;\n\t\t\tmax-height: 400px;\n\t\t\tdisplay: none;\">\n\n\t\n\t\t<a href=\"https:\/\/www.sylvain-beaulieu.com\/blog\/wp-content\/gallery\/margot\/Beudant2.jpg\"\n\t\t\ttitle=\"\"\n\t\t\tdata-src=\"https:\/\/www.sylvain-beaulieu.com\/blog\/wp-content\/gallery\/margot\/Beudant2.jpg\"\n\t\t\tdata-thumbnail=\"https:\/\/www.sylvain-beaulieu.com\/blog\/wp-content\/gallery\/margot\/thumbs\/thumbs_Beudant2.jpg\"\n\t\t\tdata-image-id=\"14\"\n\t\t\tdata-title=\"Beudant2\"\n\t\t\tdata-description=\"\"\n\t\t\tclass=\"ngg-fancybox\" rel=\"f21e72a0ab0b62e3d067a43da05d145b\">\n\n\t\t\t<img data-image-id='14'\n\t\t\t\ttitle=\"\"\n\t\t\t\talt=\"Beudant2\"\n\t\t\t\tsrc=\"https:\/\/www.sylvain-beaulieu.com\/blog\/wp-content\/gallery\/margot\/Beudant2.jpg\"\n\t\t\t\tstyle=\"max-height: 380px;\"\/>\n\t\t<\/a>\n\n\t\t\n\t\t<a href=\"https:\/\/www.sylvain-beaulieu.com\/blog\/wp-content\/gallery\/margot\/ecuyer1.gif\"\n\t\t\ttitle=\"\"\n\t\t\tdata-src=\"https:\/\/www.sylvain-beaulieu.com\/blog\/wp-content\/gallery\/margot\/ecuyer1.gif\"\n\t\t\tdata-thumbnail=\"https:\/\/www.sylvain-beaulieu.com\/blog\/wp-content\/gallery\/margot\/thumbs\/thumbs_ecuyer1.gif\"\n\t\t\tdata-image-id=\"15\"\n\t\t\tdata-title=\"ecuyer1\"\n\t\t\tdata-description=\"\"\n\t\t\tclass=\"ngg-fancybox\" rel=\"f21e72a0ab0b62e3d067a43da05d145b\">\n\n\t\t\t<img data-image-id='15'\n\t\t\t\ttitle=\"\"\n\t\t\t\talt=\"ecuyer1\"\n\t\t\t\tsrc=\"https:\/\/www.sylvain-beaulieu.com\/blog\/wp-content\/gallery\/margot\/ecuyer1.gif\"\n\t\t\t\tstyle=\"max-height: 380px;\"\/>\n\t\t<\/a>\n\n\t\t\n\t\t<a href=\"https:\/\/www.sylvain-beaulieu.com\/blog\/wp-content\/gallery\/margot\/margot.jpg\"\n\t\t\ttitle=\"\"\n\t\t\tdata-src=\"https:\/\/www.sylvain-beaulieu.com\/blog\/wp-content\/gallery\/margot\/margot.jpg\"\n\t\t\tdata-thumbnail=\"https:\/\/www.sylvain-beaulieu.com\/blog\/wp-content\/gallery\/margot\/thumbs\/thumbs_margot.jpg\"\n\t\t\tdata-image-id=\"16\"\n\t\t\tdata-title=\"margot\"\n\t\t\tdata-description=\"\"\n\t\t\tclass=\"ngg-fancybox\" rel=\"f21e72a0ab0b62e3d067a43da05d145b\">\n\n\t\t\t<img data-image-id='16'\n\t\t\t\ttitle=\"\"\n\t\t\t\talt=\"margot\"\n\t\t\t\tsrc=\"https:\/\/www.sylvain-beaulieu.com\/blog\/wp-content\/gallery\/margot\/margot.jpg\"\n\t\t\t\tstyle=\"max-height: 380px;\"\/>\n\t\t<\/a>\n\n\t\t\n\t\t<a href=\"https:\/\/www.sylvain-beaulieu.com\/blog\/wp-content\/gallery\/margot\/margot-2.jpg\"\n\t\t\ttitle=\"\"\n\t\t\tdata-src=\"https:\/\/www.sylvain-beaulieu.com\/blog\/wp-content\/gallery\/margot\/margot-2.jpg\"\n\t\t\tdata-thumbnail=\"https:\/\/www.sylvain-beaulieu.com\/blog\/wp-content\/gallery\/margot\/thumbs\/thumbs_margot-2.jpg\"\n\t\t\tdata-image-id=\"17\"\n\t\t\tdata-title=\"margot-2\"\n\t\t\tdata-description=\"\"\n\t\t\tclass=\"ngg-fancybox\" rel=\"f21e72a0ab0b62e3d067a43da05d145b\">\n\n\t\t\t<img data-image-id='17'\n\t\t\t\ttitle=\"\"\n\t\t\t\talt=\"margot-2\"\n\t\t\t\tsrc=\"https:\/\/www.sylvain-beaulieu.com\/blog\/wp-content\/gallery\/margot\/margot-2.jpg\"\n\t\t\t\tstyle=\"max-height: 380px;\"\/>\n\t\t<\/a>\n\n\t\t\n\t\t<a href=\"https:\/\/www.sylvain-beaulieu.com\/blog\/wp-content\/gallery\/margot\/margot-3.jpg\"\n\t\t\ttitle=\"\"\n\t\t\tdata-src=\"https:\/\/www.sylvain-beaulieu.com\/blog\/wp-content\/gallery\/margot\/margot-3.jpg\"\n\t\t\tdata-thumbnail=\"https:\/\/www.sylvain-beaulieu.com\/blog\/wp-content\/gallery\/margot\/thumbs\/thumbs_margot-3.jpg\"\n\t\t\tdata-image-id=\"18\"\n\t\t\tdata-title=\"margot-3\"\n\t\t\tdata-description=\"\"\n\t\t\tclass=\"ngg-fancybox\" rel=\"f21e72a0ab0b62e3d067a43da05d145b\">\n\n\t\t\t<img data-image-id='18'\n\t\t\t\ttitle=\"\"\n\t\t\t\talt=\"margot-3\"\n\t\t\t\tsrc=\"https:\/\/www.sylvain-beaulieu.com\/blog\/wp-content\/gallery\/margot\/margot-3.jpg\"\n\t\t\t\tstyle=\"max-height: 380px;\"\/>\n\t\t<\/a>\n\n\t\t\n\t\t<a href=\"https:\/\/www.sylvain-beaulieu.com\/blog\/wp-content\/gallery\/margot\/Milady.jpg\"\n\t\t\ttitle=\"\"\n\t\t\tdata-src=\"https:\/\/www.sylvain-beaulieu.com\/blog\/wp-content\/gallery\/margot\/Milady.jpg\"\n\t\t\tdata-thumbnail=\"https:\/\/www.sylvain-beaulieu.com\/blog\/wp-content\/gallery\/margot\/thumbs\/thumbs_Milady.jpg\"\n\t\t\tdata-image-id=\"19\"\n\t\t\tdata-title=\"Milady\"\n\t\t\tdata-description=\"\"\n\t\t\tclass=\"ngg-fancybox\" rel=\"f21e72a0ab0b62e3d067a43da05d145b\">\n\n\t\t\t<img data-image-id='19'\n\t\t\t\ttitle=\"\"\n\t\t\t\talt=\"Milady\"\n\t\t\t\tsrc=\"https:\/\/www.sylvain-beaulieu.com\/blog\/wp-content\/gallery\/margot\/Milady.jpg\"\n\t\t\t\tstyle=\"max-height: 380px;\"\/>\n\t\t<\/a>\n\n\t\t<\/div>\n\n\t\t<!-- Thumbnails Link -->\n\t<div class=\"slideshowlink\" style=\"max-width: 600px;\">\n\t\t<a href='https:\/\/www.sylvain-beaulieu.com\/blog\/equitation-de-tradition-francaise-ou-la-difficile-facilite\/nggallery\/thumbnails'>[Montrer sous forme de vignettes]<\/a>\n\t<\/div>\n\n\n\n\n<p>Un des points remarquables de notre culture \u00e9questre, pour \u00e9viter d&rsquo;utiliser l&rsquo;expression \u00ab\u00a0\u00c9quitation de Tradition Fran\u00e7aise\u00a0\u00bb, est la <strong>discr\u00e9tion des aides<\/strong>.<\/p>\n\n\n\n<p>Du coup, je r\u00e9agis face aux acclamations d&rsquo;extases que provoquent une multitude de vid\u00e9os circulant sur internet, dans lesquelles on voit des cavaliers (et cavali\u00e8res !) dont les aides sont tout &#8230;&#8230;&#8230;.. sauf discr\u00e8tes !<br>La qualit\u00e9 des chevaux pr\u00e9sent\u00e9s est telle que ces d\u00e9bordements d&#8217;emploi des aides passent au second plan, tant les locomotions des chevaux sont exceptionnelles ! <br>Me voil\u00e0 donc \u00e0 contre-courant(!) par mon manque d&rsquo;enthousiasme,  en \u00e9voquant que ces vid\u00e9os  mettent plus en \u00e9vidence les crit\u00e8res de s\u00e9lections des \u00e9leveurs que le talent des cavaliers quant \u00e0 dresser ces chevaux pour magnifier leurs allures&#8230;.qui, il me semble, est un des objectifs, voire l&rsquo;OBJECTIF du dressage !<br>Ceci dit, l&#8217;emploi prononc\u00e9 des aides se constate depuis bien des ann\u00e9es y compris chez les grands pontes du dressage&#8230;. \u00e0 l&rsquo;exception de quelques irr\u00e9ductibles d\u00e9fenseurs de notre culture \u00e9questre dont les discours sur le sujet d\u00e9rangent suffisamment pour \u00eatre ignor\u00e9s par la masse qui applaudit l&rsquo;appauvrissement de nos savoir-faire&#8230;&#8230;&#8230;! <\/p>\n\n\n\n<h2 class=\"wp-block-heading\">Discr\u00e9tion des aides<\/h2>\n\n\n\n<p>Sa forme la plus aboutie face \u00e0 un tiers observateur est dans le fait que les jambes comme la main paraissent immobiles, inactives au fil des \u00e9volutions du cheval&#8230; qui lui, per\u00e7oit bien \u00e9videmment la moindre pression, vibration ou modification de contact sur son corps. <br>C&rsquo;est donc pour le cavalier, \u00eatre conscient que le cheval per\u00e7oit une mouche se posant sur lui, donc comparativement, l&rsquo;action des jambes ou de la main peuvent se r\u00e9duire \u00e0 l&rsquo;effleurement, au fr\u00f4lement&#8230;..<br>C&rsquo;est donner l&rsquo;illusion que le cheval agit seul, ce qui est une des caract\u00e9ristiques de l&rsquo;\u00c9quitation Fran\u00e7aise.<br>Me vient spontan\u00e9ment \u00e0 l&rsquo;esprit, concernant ce principe de discr\u00e9tion des aides, cette citation c\u00e9l\u00e8bre <strong>\u00ab\u00a0j &lsquo;y pense et \u00e7a suffit !\u00a0\u00bb <\/strong>, r\u00e9pondant \u00e0 la question  \u00ab\u00a0comment fait-on pour&#8230;.. ? \u00ab\u00a0<br>Il me semble que cela illustre tr\u00e8s bien le fond de ces propos !<\/p>\n\n\n\n<p>Ceci met en avant un point fondamental, crucial, pour s&rsquo;approcher de ce degr\u00e9 de perfection :<br><strong>la qualit\u00e9 de la mise en selle<\/strong>, sans laquelle l&rsquo;ind\u00e9pendance des aides est impossible, et par cons\u00e9quent la discr\u00e9tion dans leur emploi devient une utopie !<br>D&rsquo;o\u00f9 mon interrogation, si tant est que je m&rsquo;interroge sur le sujet :<br>Comment faut-il consid\u00e9rer ce qui nous est pr\u00e9sent\u00e9 comme le fleuron du dressage, avec des cavaliers dont la gestuelle en selle fait bien plus penser \u00e0 un \u00ab\u00a0tour de force\u00a0\u00bb qu&rsquo;\u00e0 une monte discr\u00e8te toute en l\u00e9g\u00e8ret\u00e9&#8230;.. , ces m\u00eames cavaliers viss\u00e9s dans des si\u00e8ges creux et les cuisses verrouill\u00e9es par des taquets, avec des bas de jambes prolong\u00e9s par des \u00e9perons (sic !) qui ont r\u00f4le d&rsquo;essuie-glace,  dont l&rsquo;instabilit\u00e9 laisse songeur quant \u00e0 la pr\u00e9cision et la finesse du fameux pinc\u00e9 d\u00e9licat de l&rsquo;\u00e9peron (je ne voudrais pas devenir grossier, je m&rsquo;arr\u00eaterai donc l\u00e0 ! ) avec des chevaux qui, s&rsquo;ils n&rsquo;ont plus (ou moins) le menton dans le poitrail, ne bernent que les \u00ab\u00a0faux-connaisseur\u00a0\u00bb ignorants que l&rsquo;hyper-flexion est de mise sur les paddocks de d\u00e9tente !<\/p>\n\n\n\n<p>Il y a bien l\u00e0 de quoi concevoir des dossiers sur ces sujets passionnants, d&rsquo;autant plus que le dernier mot appartient&#8230;&#8230; aux chevaux qui nous subissent ou nous appr\u00e9cient !<br>Pour ma part, les miens vivent en groupes sur plusieurs hectares et tant qu&rsquo;ils viennent d&rsquo;eux-m\u00eames me voir \u00e0 la porte de leurs p\u00e2tures pour glisser le nez dans leurs licols, il me pla\u00eet de croire que l&rsquo;\u00e9tat d&rsquo;esprit et les activit\u00e9s auxquelles ils sont convi\u00e9s leur conviennent !<br><\/p>\n","protected":false},"excerpt":{"rendered":"<p>Id\u00e9al ? Ah! Cette \u00ab\u00a0difficile facilit\u00e9\u00a0\u00bb&#8230;Je retiens de cette expression le plus haut degr\u00e9 de \u00ab\u00a0sophistication\u00a0\u00bb que les chevaux de ces quelques aquarelles du colonel MARGOT imagent si bien ! Un des points remarquables de notre culture \u00e9questre, pour \u00e9viter d&rsquo;utiliser l&rsquo;expression \u00ab\u00a0\u00c9quitation de Tradition Fran\u00e7aise\u00a0\u00bb, est la discr\u00e9tion des aides. Du coup, je r\u00e9agis [&hellip;]<\/p>\n","protected":false},"author":1,"featured_media":0,"comment_status":"open","ping_status":"open","sticky":false,"template":"","format":"standard","meta":{"ngg_post_thumbnail":0,"footnotes":""},"categories":[11],"tags":[],"_links":{"self":[{"href":"https:\/\/www.sylvain-beaulieu.com\/blog\/wp-json\/wp\/v2\/posts\/503"}],"collection":[{"href":"https:\/\/www.sylvain-beaulieu.com\/blog\/wp-json\/wp\/v2\/posts"}],"about":[{"href":"https:\/\/www.sylvain-beaulieu.com\/blog\/wp-json\/wp\/v2\/types\/post"}],"author":[{"embeddable":true,"href":"https:\/\/www.sylvain-beaulieu.com\/blog\/wp-json\/wp\/v2\/users\/1"}],"replies":[{"embeddable":true,"href":"https:\/\/www.sylvain-beaulieu.com\/blog\/wp-json\/wp\/v2\/comments?post=503"}],"version-history":[{"count":22,"href":"https:\/\/www.sylvain-beaulieu.com\/blog\/wp-json\/wp\/v2\/posts\/503\/revisions"}],"predecessor-version":[{"id":719,"href":"https:\/\/www.sylvain-beaulieu.com\/blog\/wp-json\/wp\/v2\/posts\/503\/revisions\/719"}],"wp:attachment":[{"href":"https:\/\/www.sylvain-beaulieu.com\/blog\/wp-json\/wp\/v2\/media?parent=503"}],"wp:term":[{"taxonomy":"category","embeddable":true,"href":"https:\/\/www.sylvain-beaulieu.com\/blog\/wp-json\/wp\/v2\/categories?post=503"},{"taxonomy":"post_tag","embeddable":true,"href":"https:\/\/www.sylvain-beaulieu.com\/blog\/wp-json\/wp\/v2\/tags?post=503"}],"curies":[{"name":"wp","href":"https:\/\/api.w.org\/{rel}","templated":true}]}}